[{"@context":"https:\/\/schema.org\/","@type":"BlogPosting","@id":"https:\/\/www.useorganico.com.br\/almanati-lanca-linha-de-maquiagem-natural-e-organica-creme-hidratante-e-sprays-aromaterapeuticos\/#BlogPosting","mainEntityOfPage":"https:\/\/www.useorganico.com.br\/almanati-lanca-linha-de-maquiagem-natural-e-organica-creme-hidratante-e-sprays-aromaterapeuticos\/","headline":"Almanati lan\u00e7a linha de Maquiagem Natural e Org\u00e2nica, Creme Hidratante e Sprays Aromaterap\u00eauticos","name":"Almanati lan\u00e7a linha de Maquiagem Natural e Org\u00e2nica, Creme Hidratante e Sprays Aromaterap\u00eauticos","description":"A Almanati, marca de cosm\u00e9ticos naturais, org\u00e2nicos e veganos, com foco em cuidados para a pele do rosto e do ...","datePublished":"2019-07-26","dateModified":"2019-09-12","author":{"@type":"Person","@id":"https:\/\/www.useorganico.com.br\/author\/useorganicomaster\/#Person","name":"use organico use organico","url":"https:\/\/www.useorganico.com.br\/author\/useorganicomaster\/","identifier":25,"image":{"@type":"ImageObject","@id":"https:\/\/secure.gravatar.com\/avatar\/37fddd63137763d4bcdf30f9cbab2ce7636abb3178b9e0691cd67b65dd7a5e1b?s=96&d=mm&r=g","url":"https:\/\/secure.gravatar.com\/avatar\/37fddd63137763d4bcdf30f9cbab2ce7636abb3178b9e0691cd67b65dd7a5e1b?s=96&d=mm&r=g","height":96,"width":96}},"publisher":{"@type":"Organization","name":"Blog Use Org\u00e2nico","logo":{"@type":"ImageObject","@id":"https:\/\/blog.useorganico.com.br\/wp-content\/uploads\/2017\/08\/logotipo-2.png","url":"https:\/\/blog.useorganico.com.br\/wp-content\/uploads\/2017\/08\/logotipo-2.png","width":600,"height":60}},"image":{"@type":"ImageObject","@id":"https:\/\/www.useorganico.com.br\/wp-content\/uploads\/2019\/07\/almanati-lanca-linha-de-maquiagem-natural-e-organica-creme-hidratante-e-sprays-aromaterapeuticos1.jpg","url":"https:\/\/www.useorganico.com.br\/wp-content\/uploads\/2019\/07\/almanati-lanca-linha-de-maquiagem-natural-e-organica-creme-hidratante-e-sprays-aromaterapeuticos1.jpg","height":576,"width":1024},"url":"https:\/\/www.useorganico.com.br\/almanati-lanca-linha-de-maquiagem-natural-e-organica-creme-hidratante-e-sprays-aromaterapeuticos\/","video":{"@context":"http:\/\/schema.org\/","@type":"VideoObject","@id":"https:\/\/www.youtube.com\/watch?v=-grfOaa6_Qc#VideoObject","contentUrl":"https:\/\/www.youtube.com\/watch?v=-grfOaa6_Qc","name":"Use Org\u00e2nico e Almanati na Feira Naturaltech Bio Fair 2019","description":"","thumbnailUrl":["https:\/\/i.ytimg.com\/vi\/-grfOaa6_Qc\/default.jpg","https:\/\/i.ytimg.com\/vi\/-grfOaa6_Qc\/mqdefault.jpg","https:\/\/i.ytimg.com\/vi\/-grfOaa6_Qc\/hqdefault.jpg","https:\/\/i.ytimg.com\/vi\/-grfOaa6_Qc\/sddefault.jpg","https:\/\/i.ytimg.com\/vi\/-grfOaa6_Qc\/maxresdefault.jpg"],"uploadDate":"2019-06-28T20:40:56+00:00","duration":"PT3M26S","embedUrl":"https:\/\/www.youtube.com\/embed\/-grfOaa6_Qc","publisher":{"@type":"Organization","@id":"https:\/\/www.youtube.com\/channel\/UCybwQHFYyBKWKbiiJFFsSrg#Organization","url":"https:\/\/www.youtube.com\/channel\/UCybwQHFYyBKWKbiiJFFsSrg","name":"Use Org\u00e2nico","description":"Use Org\u00e2nico, uma empresa de produtos de beleza, higiene e bem-estar que visa trazer a real sa\u00fade que voc\u00ea tanto busca. E por que somos uma empresa diferenciada? Trabalhamos com as melhores marcas de cosm\u00e9ticos naturais e cosm\u00e9ticos org\u00e2nicos, al\u00e9m de produtos veganos, linha natural pet, aromaterapia, maquiagem, casa e ambiente e muito mais.","logo":{"url":"https:\/\/yt3.ggpht.com\/dKnF6_4A3EF4jREuHgTqGC0edJ_Saz_6B6_Zabp1A4JgD_XiQmV--aDeejQ7-Ho5gf8f-QFDwA=s800-c-k-c0x00ffffff-no-rj","width":800,"height":800,"@type":"ImageObject","@id":"https:\/\/www.youtube.com\/watch?v=-grfOaa6_Qc#VideoObject_publisher_logo_ImageObject"}},"potentialAction":{"@type":"SeekToAction","@id":"https:\/\/www.youtube.com\/watch?v=-grfOaa6_Qc#VideoObject_potentialAction","target":"https:\/\/www.youtube.com\/watch?v=-grfOaa6_Qc&t={seek_to_second_number}","startOffset-input":"required name=seek_to_second_number"},"interactionStatistic":[[{"@type":"InteractionCounter","@id":"https:\/\/www.youtube.com\/watch?v=-grfOaa6_Qc#VideoObject_interactionStatistic_WatchAction","interactionType":{"@type":"WatchAction"},"userInteractionCount":51}],{"@type":"InteractionCounter","@id":"https:\/\/www.youtube.com\/watch?v=-grfOaa6_Qc#VideoObject_interactionStatistic_LikeAction","interactionType":{"@type":"LikeAction"},"userInteractionCount":1}]},"about":["Beleza"],"wordCount":558,"keywords":["Almanati","cosm\u00e9ticos naturais","Cosm\u00e9ticos org\u00e2nicos","Cosm\u00e9ticos Veganos","Use Org\u00e2nico"]},{"@context":"https:\/\/schema.org\/","@type":"BreadcrumbList","itemListElement":[{"@type":"ListItem","position":1,"name":"Almanati lan\u00e7a linha de Maquiagem Natural e Org\u00e2nica, Creme Hidratante e Sprays Aromaterap\u00eauticos","item":"https:\/\/www.useorganico.com.br\/almanati-lanca-linha-de-maquiagem-natural-e-organica-creme-hidratante-e-sprays-aromaterapeuticos\/#breadcrumbitem"}]}]