{"@context":"https:\/\/schema.org\/","@type":"CollectionPage","@id":"https:\/\/www.useorganico.com.br\/categoria\/beleza\/#CollectionPage","headline":"Beleza Category","description":"","url":"https:\/\/www.useorganico.com.br\/categoria\/beleza\/","hasPart":[{"@type":"BlogPosting","@id":"https:\/\/www.useorganico.com.br\/desodorante-organico-uma-alternativa-natural-para-saude-e-sustentabilidade\/","headline":"Desodorante Org\u00e2nico: Uma Alternativa Natural para Sa\u00fade e Sustentabilidade","url":"https:\/\/www.useorganico.com.br\/desodorante-organico-uma-alternativa-natural-para-saude-e-sustentabilidade\/","datePublished":"2025-07-04","dateModified":"2025-07-04","mainEntityOfPage":"https:\/\/www.useorganico.com.br\/desodorante-organico-uma-alternativa-natural-para-saude-e-sustentabilidade\/","author":{"@type":"Person","@id":"https:\/\/www.useorganico.com.br\/author\/useorganicomaster\/#Person","name":"use organico use organico","url":"https:\/\/www.useorganico.com.br\/author\/useorganicomaster\/","identifier":25,"image":{"@type":"ImageObject","@id":"https:\/\/secure.gravatar.com\/avatar\/37fddd63137763d4bcdf30f9cbab2ce7636abb3178b9e0691cd67b65dd7a5e1b?s=96&d=mm&r=g","url":"https:\/\/secure.gravatar.com\/avatar\/37fddd63137763d4bcdf30f9cbab2ce7636abb3178b9e0691cd67b65dd7a5e1b?s=96&d=mm&r=g","height":96,"width":96}},"publisher":{"@type":"Organization","name":"Blog Use Org\u00e2nico","logo":{"@type":"ImageObject","@id":"https:\/\/blog.useorganico.com.br\/wp-content\/uploads\/2017\/08\/logotipo-2.png","url":"https:\/\/blog.useorganico.com.br\/wp-content\/uploads\/2017\/08\/logotipo-2.png","width":600,"height":60}},"image":null,"keywords":["Cosm\u00e9ticos org\u00e2nicos","produtos org\u00e2nicos","Use Org\u00e2nico"]},{"@type":"BlogPosting","@id":"https:\/\/www.useorganico.com.br\/a-importancia-do-autocuidado\/","headline":"A import\u00e2ncia do autocuidado","url":"https:\/\/www.useorganico.com.br\/a-importancia-do-autocuidado\/","datePublished":"2024-04-05","dateModified":"2024-04-05","mainEntityOfPage":"https:\/\/www.useorganico.com.br\/a-importancia-do-autocuidado\/","author":{"@type":"Person","@id":"https:\/\/www.useorganico.com.br\/author\/useorganicomaster\/#Person","name":"use organico use organico","url":"https:\/\/www.useorganico.com.br\/author\/useorganicomaster\/","identifier":25,"image":{"@type":"ImageObject","@id":"https:\/\/secure.gravatar.com\/avatar\/37fddd63137763d4bcdf30f9cbab2ce7636abb3178b9e0691cd67b65dd7a5e1b?s=96&d=mm&r=g","url":"https:\/\/secure.gravatar.com\/avatar\/37fddd63137763d4bcdf30f9cbab2ce7636abb3178b9e0691cd67b65dd7a5e1b?s=96&d=mm&r=g","height":96,"width":96}},"publisher":{"@type":"Organization","name":"Blog Use Org\u00e2nico","logo":{"@type":"ImageObject","@id":"https:\/\/blog.useorganico.com.br\/wp-content\/uploads\/2017\/08\/logotipo-2.png","url":"https:\/\/blog.useorganico.com.br\/wp-content\/uploads\/2017\/08\/logotipo-2.png","width":600,"height":60}},"image":{"@type":"ImageObject","@id":"https:\/\/blog.useorganico.com.br\/wp-content\/uploads\/2024\/04\/image-11.png","url":"https:\/\/blog.useorganico.com.br\/wp-content\/uploads\/2024\/04\/image-11.png","height":"186","width":"292"},"keywords":null},{"@type":"BlogPosting","@id":"https:\/\/www.useorganico.com.br\/dormir-de-maquiagem-realmente-faz-mal\/","headline":"Dormir de maquiagem realmente faz mal?","url":"https:\/\/www.useorganico.com.br\/dormir-de-maquiagem-realmente-faz-mal\/","datePublished":"2024-03-15","dateModified":"2024-03-15","mainEntityOfPage":"https:\/\/www.useorganico.com.br\/dormir-de-maquiagem-realmente-faz-mal\/","author":{"@type":"Person","@id":"https:\/\/www.useorganico.com.br\/author\/useorganicomaster\/#Person","name":"use organico use organico","url":"https:\/\/www.useorganico.com.br\/author\/useorganicomaster\/","identifier":25,"image":{"@type":"ImageObject","@id":"https:\/\/secure.gravatar.com\/avatar\/37fddd63137763d4bcdf30f9cbab2ce7636abb3178b9e0691cd67b65dd7a5e1b?s=96&d=mm&r=g","url":"https:\/\/secure.gravatar.com\/avatar\/37fddd63137763d4bcdf30f9cbab2ce7636abb3178b9e0691cd67b65dd7a5e1b?s=96&d=mm&r=g","height":96,"width":96}},"publisher":{"@type":"Organization","name":"Blog Use Org\u00e2nico","logo":{"@type":"ImageObject","@id":"https:\/\/blog.useorganico.com.br\/wp-content\/uploads\/2017\/08\/logotipo-2.png","url":"https:\/\/blog.useorganico.com.br\/wp-content\/uploads\/2017\/08\/logotipo-2.png","width":600,"height":60}},"image":{"@type":"ImageObject","@id":"https:\/\/blog.useorganico.com.br\/wp-content\/uploads\/2024\/03\/image-7.png","url":"https:\/\/blog.useorganico.com.br\/wp-content\/uploads\/2024\/03\/image-7.png","height":"193","width":"293"},"keywords":null},{"@type":"BlogPosting","@id":"https:\/\/www.useorganico.com.br\/o-que-e-edelweiss-e-para-que-serve\/","headline":"O que \u00e9 edelweiss e para que serve","url":"https:\/\/www.useorganico.com.br\/o-que-e-edelweiss-e-para-que-serve\/","datePublished":"2024-03-14","dateModified":"2024-03-14","mainEntityOfPage":"https:\/\/www.useorganico.com.br\/o-que-e-edelweiss-e-para-que-serve\/","author":{"@type":"Person","@id":"https:\/\/www.useorganico.com.br\/author\/useorganicomaster\/#Person","name":"use organico use organico","url":"https:\/\/www.useorganico.com.br\/author\/useorganicomaster\/","identifier":25,"image":{"@type":"ImageObject","@id":"https:\/\/secure.gravatar.com\/avatar\/37fddd63137763d4bcdf30f9cbab2ce7636abb3178b9e0691cd67b65dd7a5e1b?s=96&d=mm&r=g","url":"https:\/\/secure.gravatar.com\/avatar\/37fddd63137763d4bcdf30f9cbab2ce7636abb3178b9e0691cd67b65dd7a5e1b?s=96&d=mm&r=g","height":96,"width":96}},"publisher":{"@type":"Organization","name":"Blog Use Org\u00e2nico","logo":{"@type":"ImageObject","@id":"https:\/\/blog.useorganico.com.br\/wp-content\/uploads\/2017\/08\/logotipo-2.png","url":"https:\/\/blog.useorganico.com.br\/wp-content\/uploads\/2017\/08\/logotipo-2.png","width":600,"height":60}},"image":{"@type":"ImageObject","@id":"https:\/\/blog.useorganico.com.br\/wp-content\/uploads\/2024\/03\/image-6.png","url":"https:\/\/blog.useorganico.com.br\/wp-content\/uploads\/2024\/03\/image-6.png","height":"188","width":"292"},"keywords":null},{"@type":"BlogPosting","@id":"https:\/\/www.useorganico.com.br\/o-que-e-puro-gel-ou-aloe-vera-e-para-que-serve\/","headline":"O que \u00e9 Puro Gel ou Aloe Vera e para que serve","url":"https:\/\/www.useorganico.com.br\/o-que-e-puro-gel-ou-aloe-vera-e-para-que-serve\/","datePublished":"2024-03-07","dateModified":"2024-03-07","mainEntityOfPage":"https:\/\/www.useorganico.com.br\/o-que-e-puro-gel-ou-aloe-vera-e-para-que-serve\/","author":{"@type":"Person","@id":"https:\/\/www.useorganico.com.br\/author\/useorganicomaster\/#Person","name":"use organico use organico","url":"https:\/\/www.useorganico.com.br\/author\/useorganicomaster\/","identifier":25,"image":{"@type":"ImageObject","@id":"https:\/\/secure.gravatar.com\/avatar\/37fddd63137763d4bcdf30f9cbab2ce7636abb3178b9e0691cd67b65dd7a5e1b?s=96&d=mm&r=g","url":"https:\/\/secure.gravatar.com\/avatar\/37fddd63137763d4bcdf30f9cbab2ce7636abb3178b9e0691cd67b65dd7a5e1b?s=96&d=mm&r=g","height":96,"width":96}},"publisher":{"@type":"Organization","name":"Blog Use Org\u00e2nico","logo":{"@type":"ImageObject","@id":"https:\/\/blog.useorganico.com.br\/wp-content\/uploads\/2017\/08\/logotipo-2.png","url":"https:\/\/blog.useorganico.com.br\/wp-content\/uploads\/2017\/08\/logotipo-2.png","width":600,"height":60}},"image":{"@type":"ImageObject","@id":"https:\/\/blog.useorganico.com.br\/wp-content\/uploads\/2024\/03\/image-2.png","url":"https:\/\/blog.useorganico.com.br\/wp-content\/uploads\/2024\/03\/image-2.png","height":"305","width":"181"},"keywords":null},{"@type":"BlogPosting","@id":"https:\/\/www.useorganico.com.br\/como-limpar-os-seus-pinceis-de-maquiagem\/","headline":"Como limpar os seus pinc\u00e9is de maquiagem","url":"https:\/\/www.useorganico.com.br\/como-limpar-os-seus-pinceis-de-maquiagem\/","datePublished":"2024-03-01","dateModified":"2024-03-01","mainEntityOfPage":"https:\/\/www.useorganico.com.br\/como-limpar-os-seus-pinceis-de-maquiagem\/","author":{"@type":"Person","@id":"https:\/\/www.useorganico.com.br\/author\/useorganicomaster\/#Person","name":"use organico use organico","url":"https:\/\/www.useorganico.com.br\/author\/useorganicomaster\/","identifier":25,"image":{"@type":"ImageObject","@id":"https:\/\/secure.gravatar.com\/avatar\/37fddd63137763d4bcdf30f9cbab2ce7636abb3178b9e0691cd67b65dd7a5e1b?s=96&d=mm&r=g","url":"https:\/\/secure.gravatar.com\/avatar\/37fddd63137763d4bcdf30f9cbab2ce7636abb3178b9e0691cd67b65dd7a5e1b?s=96&d=mm&r=g","height":96,"width":96}},"publisher":{"@type":"Organization","name":"Blog Use Org\u00e2nico","logo":{"@type":"ImageObject","@id":"https:\/\/blog.useorganico.com.br\/wp-content\/uploads\/2017\/08\/logotipo-2.png","url":"https:\/\/blog.useorganico.com.br\/wp-content\/uploads\/2017\/08\/logotipo-2.png","width":600,"height":60}},"image":{"@type":"ImageObject","@id":"https:\/\/blog.useorganico.com.br\/wp-content\/uploads\/2024\/03\/image.png","url":"https:\/\/blog.useorganico.com.br\/wp-content\/uploads\/2024\/03\/image.png","height":"405","width":"286"},"keywords":null},{"@type":"BlogPosting","@id":"https:\/\/www.useorganico.com.br\/descubra-o-que-e-upcycling-beauty\/","headline":"Descubra o que \u00e9 Upcycling Beauty","url":"https:\/\/www.useorganico.com.br\/descubra-o-que-e-upcycling-beauty\/","datePublished":"2024-02-20","dateModified":"2024-02-20","mainEntityOfPage":"https:\/\/www.useorganico.com.br\/descubra-o-que-e-upcycling-beauty\/","author":{"@type":"Person","@id":"https:\/\/www.useorganico.com.br\/author\/useorganicomaster\/#Person","name":"use organico use organico","url":"https:\/\/www.useorganico.com.br\/author\/useorganicomaster\/","identifier":25,"image":{"@type":"ImageObject","@id":"https:\/\/secure.gravatar.com\/avatar\/37fddd63137763d4bcdf30f9cbab2ce7636abb3178b9e0691cd67b65dd7a5e1b?s=96&d=mm&r=g","url":"https:\/\/secure.gravatar.com\/avatar\/37fddd63137763d4bcdf30f9cbab2ce7636abb3178b9e0691cd67b65dd7a5e1b?s=96&d=mm&r=g","height":96,"width":96}},"publisher":{"@type":"Organization","name":"Blog Use Org\u00e2nico","logo":{"@type":"ImageObject","@id":"https:\/\/blog.useorganico.com.br\/wp-content\/uploads\/2017\/08\/logotipo-2.png","url":"https:\/\/blog.useorganico.com.br\/wp-content\/uploads\/2017\/08\/logotipo-2.png","width":600,"height":60}},"image":{"@type":"ImageObject","@id":"https:\/\/blog.useorganico.com.br\/wp-content\/uploads\/2024\/02\/image-5.png","url":"https:\/\/blog.useorganico.com.br\/wp-content\/uploads\/2024\/02\/image-5.png","height":"197","width":"273"},"keywords":null},{"@type":"BlogPosting","@id":"https:\/\/www.useorganico.com.br\/como-cuidar-da-pele-no-verao\/","headline":"Como cuidar da pele no ver\u00e3o","url":"https:\/\/www.useorganico.com.br\/como-cuidar-da-pele-no-verao\/","datePublished":"2024-01-23","dateModified":"2024-02-14","mainEntityOfPage":"https:\/\/www.useorganico.com.br\/como-cuidar-da-pele-no-verao\/","author":{"@type":"Person","@id":"https:\/\/www.useorganico.com.br\/author\/useorganicomaster\/#Person","name":"use organico use organico","url":"https:\/\/www.useorganico.com.br\/author\/useorganicomaster\/","identifier":25,"image":{"@type":"ImageObject","@id":"https:\/\/secure.gravatar.com\/avatar\/37fddd63137763d4bcdf30f9cbab2ce7636abb3178b9e0691cd67b65dd7a5e1b?s=96&d=mm&r=g","url":"https:\/\/secure.gravatar.com\/avatar\/37fddd63137763d4bcdf30f9cbab2ce7636abb3178b9e0691cd67b65dd7a5e1b?s=96&d=mm&r=g","height":96,"width":96}},"publisher":{"@type":"Organization","name":"Blog Use Org\u00e2nico","logo":{"@type":"ImageObject","@id":"https:\/\/blog.useorganico.com.br\/wp-content\/uploads\/2017\/08\/logotipo-2.png","url":"https:\/\/blog.useorganico.com.br\/wp-content\/uploads\/2017\/08\/logotipo-2.png","width":600,"height":60}},"image":{"@type":"ImageObject","@id":"https:\/\/www.useorganico.com.br\/wp-content\/uploads\/2024\/01\/image-17-1.jpg","url":"https:\/\/www.useorganico.com.br\/wp-content\/uploads\/2024\/01\/image-17-1.jpg","height":537,"width":812},"keywords":null},{"@type":"BlogPosting","@id":"https:\/\/www.useorganico.com.br\/o-que-e-argila-e-para-que-serve\/","headline":"O que \u00e9 argila e para que serve","url":"https:\/\/www.useorganico.com.br\/o-que-e-argila-e-para-que-serve\/","datePublished":"2024-01-19","dateModified":"2024-01-19","mainEntityOfPage":"https:\/\/www.useorganico.com.br\/o-que-e-argila-e-para-que-serve\/","author":{"@type":"Person","@id":"https:\/\/www.useorganico.com.br\/author\/useorganicomaster\/#Person","name":"use organico use organico","url":"https:\/\/www.useorganico.com.br\/author\/useorganicomaster\/","identifier":25,"image":{"@type":"ImageObject","@id":"https:\/\/secure.gravatar.com\/avatar\/37fddd63137763d4bcdf30f9cbab2ce7636abb3178b9e0691cd67b65dd7a5e1b?s=96&d=mm&r=g","url":"https:\/\/secure.gravatar.com\/avatar\/37fddd63137763d4bcdf30f9cbab2ce7636abb3178b9e0691cd67b65dd7a5e1b?s=96&d=mm&r=g","height":96,"width":96}},"publisher":{"@type":"Organization","name":"Blog Use Org\u00e2nico","logo":{"@type":"ImageObject","@id":"https:\/\/blog.useorganico.com.br\/wp-content\/uploads\/2017\/08\/logotipo-2.png","url":"https:\/\/blog.useorganico.com.br\/wp-content\/uploads\/2017\/08\/logotipo-2.png","width":600,"height":60}},"image":{"@type":"ImageObject","@id":"https:\/\/www.useorganico.com.br\/wp-content\/uploads\/2024\/01\/image-13-1.jpg","url":"https:\/\/www.useorganico.com.br\/wp-content\/uploads\/2024\/01\/image-13-1.jpg","height":537,"width":805},"keywords":null},{"@type":"BlogPosting","@id":"https:\/\/www.useorganico.com.br\/entenda-o-que-e-colageno-e-o-que-ele-pode-fazer-pelo-seu-corpo\/","headline":"Entenda o que \u00e9 col\u00e1geno e o que ele pode fazer pelo seu corpo.","url":"https:\/\/www.useorganico.com.br\/entenda-o-que-e-colageno-e-o-que-ele-pode-fazer-pelo-seu-corpo\/","datePublished":"2023-12-11","dateModified":"2024-01-03","mainEntityOfPage":"https:\/\/www.useorganico.com.br\/entenda-o-que-e-colageno-e-o-que-ele-pode-fazer-pelo-seu-corpo\/","author":{"@type":"Person","@id":"https:\/\/www.useorganico.com.br\/author\/useorganicomaster\/#Person","name":"use organico use organico","url":"https:\/\/www.useorganico.com.br\/author\/useorganicomaster\/","identifier":25,"image":{"@type":"ImageObject","@id":"https:\/\/secure.gravatar.com\/avatar\/37fddd63137763d4bcdf30f9cbab2ce7636abb3178b9e0691cd67b65dd7a5e1b?s=96&d=mm&r=g","url":"https:\/\/secure.gravatar.com\/avatar\/37fddd63137763d4bcdf30f9cbab2ce7636abb3178b9e0691cd67b65dd7a5e1b?s=96&d=mm&r=g","height":96,"width":96}},"publisher":{"@type":"Organization","name":"Blog Use Org\u00e2nico","logo":{"@type":"ImageObject","@id":"https:\/\/blog.useorganico.com.br\/wp-content\/uploads\/2017\/08\/logotipo-2.png","url":"https:\/\/blog.useorganico.com.br\/wp-content\/uploads\/2017\/08\/logotipo-2.png","width":600,"height":60}},"image":{"@type":"ImageObject","@id":"https:\/\/www.useorganico.com.br\/wp-content\/uploads\/2023\/12\/20231113-banner-blog-suplemento02.jpg","url":"https:\/\/www.useorganico.com.br\/wp-content\/uploads\/2023\/12\/20231113-banner-blog-suplemento02.jpg","height":630,"width":1200},"keywords":null}]}