[{"@context":"https:\/\/schema.org\/","@type":"BlogPosting","@id":"https:\/\/www.useorganico.com.br\/como-usar-oleo-vegetal-de-abacate\/#BlogPosting","mainEntityOfPage":"https:\/\/www.useorganico.com.br\/como-usar-oleo-vegetal-de-abacate\/","headline":"Como usar \u00f3leo vegetal de abacate","name":"Como usar \u00f3leo vegetal de abacate","description":"Como usar \u00f3leo vegetal de abacate e quais s\u00e3o os principais benef\u00edcios. \u00c9 isso que vamos abordar no texto de ...","datePublished":"2024-03-18","dateModified":"2024-03-18","author":{"@type":"Person","@id":"https:\/\/www.useorganico.com.br\/author\/useorganicomaster\/#Person","name":"use organico use organico","url":"https:\/\/www.useorganico.com.br\/author\/useorganicomaster\/","identifier":25,"image":{"@type":"ImageObject","@id":"https:\/\/secure.gravatar.com\/avatar\/37fddd63137763d4bcdf30f9cbab2ce7636abb3178b9e0691cd67b65dd7a5e1b?s=96&d=mm&r=g","url":"https:\/\/secure.gravatar.com\/avatar\/37fddd63137763d4bcdf30f9cbab2ce7636abb3178b9e0691cd67b65dd7a5e1b?s=96&d=mm&r=g","height":96,"width":96}},"publisher":{"@type":"Organization","name":"Blog Use Org\u00e2nico","logo":{"@type":"ImageObject","@id":"https:\/\/blog.useorganico.com.br\/wp-content\/uploads\/2017\/08\/logotipo-2.png","url":"https:\/\/blog.useorganico.com.br\/wp-content\/uploads\/2017\/08\/logotipo-2.png","width":600,"height":60}},"image":{"@type":"ImageObject","@id":"https:\/\/blog.useorganico.com.br\/wp-content\/uploads\/2024\/03\/image-10.png","url":"https:\/\/blog.useorganico.com.br\/wp-content\/uploads\/2024\/03\/image-10.png","height":"295","width":"306"},"url":"https:\/\/www.useorganico.com.br\/como-usar-oleo-vegetal-de-abacate\/","video":{"@context":"http:\/\/schema.org\/","@type":"VideoObject","@id":"https:\/\/www.youtube.com\/watch?v=VVu9AWPhYt0#VideoObject","contentUrl":"https:\/\/www.youtube.com\/watch?v=VVu9AWPhYt0","name":"Para que serve o \u00d3leo de Abacate","description":"Descubra para que serve o \u00d3leo de abacate e seus benef\u00edcios\n\nGostou e quer conhecer ainda mais? Acesse as redes sociais:\nLoja on-line: https:\/\/www.useorganico.com.br \nInstagram: https:\/\/www.instagram.com\/useorganico\/\nPinterest: https:\/\/br.pinterest.com\/useorganico\/\n\nKarina Veiga:  \nInstagram: @karinaviega\n\nV\u00eddeo gravado no ano de 2019. Todos os direitos autorais reservados.","thumbnailUrl":["https:\/\/i.ytimg.com\/vi\/VVu9AWPhYt0\/default.jpg","https:\/\/i.ytimg.com\/vi\/VVu9AWPhYt0\/mqdefault.jpg","https:\/\/i.ytimg.com\/vi\/VVu9AWPhYt0\/hqdefault.jpg","https:\/\/i.ytimg.com\/vi\/VVu9AWPhYt0\/sddefault.jpg","https:\/\/i.ytimg.com\/vi\/VVu9AWPhYt0\/maxresdefault.jpg"],"uploadDate":"2024-03-17T16:35:02+00:00","duration":"PT1M47S","embedUrl":"https:\/\/www.youtube.com\/embed\/VVu9AWPhYt0","publisher":{"@type":"Organization","@id":"https:\/\/www.youtube.com\/channel\/UCybwQHFYyBKWKbiiJFFsSrg#Organization","url":"https:\/\/www.youtube.com\/channel\/UCybwQHFYyBKWKbiiJFFsSrg","name":"Use Org\u00e2nico","description":"Use Org\u00e2nico, uma empresa de produtos de beleza, higiene e bem-estar que visa trazer a real sa\u00fade que voc\u00ea tanto busca. E por que somos uma empresa diferenciada? Trabalhamos com as melhores marcas de cosm\u00e9ticos naturais e cosm\u00e9ticos org\u00e2nicos, al\u00e9m de produtos veganos, linha natural pet, aromaterapia, maquiagem, casa e ambiente e muito mais.","logo":{"url":"https:\/\/yt3.ggpht.com\/dKnF6_4A3EF4jREuHgTqGC0edJ_Saz_6B6_Zabp1A4JgD_XiQmV--aDeejQ7-Ho5gf8f-QFDwA=s800-c-k-c0x00ffffff-no-rj","width":800,"height":800,"@type":"ImageObject","@id":"https:\/\/www.youtube.com\/watch?v=VVu9AWPhYt0#VideoObject_publisher_logo_ImageObject"}},"potentialAction":{"@type":"SeekToAction","@id":"https:\/\/www.youtube.com\/watch?v=VVu9AWPhYt0#VideoObject_potentialAction","target":"https:\/\/www.youtube.com\/watch?v=VVu9AWPhYt0&t={seek_to_second_number}","startOffset-input":"required name=seek_to_second_number"},"interactionStatistic":[[{"@type":"InteractionCounter","@id":"https:\/\/www.youtube.com\/watch?v=VVu9AWPhYt0#VideoObject_interactionStatistic_WatchAction","interactionType":{"@type":"WatchAction"},"userInteractionCount":98}],{"@type":"InteractionCounter","@id":"https:\/\/www.youtube.com\/watch?v=VVu9AWPhYt0#VideoObject_interactionStatistic_LikeAction","interactionType":{"@type":"LikeAction"},"userInteractionCount":4}]},"about":["Aromaterapia","Bem Estar"],"wordCount":545},{"@context":"https:\/\/schema.org\/","@type":"BreadcrumbList","itemListElement":[{"@type":"ListItem","position":1,"name":"Como usar \u00f3leo vegetal de abacate","item":"https:\/\/www.useorganico.com.br\/como-usar-oleo-vegetal-de-abacate\/#breadcrumbitem"}]}]