[{"@context":"https:\/\/schema.org\/","@type":"BlogPosting","@id":"https:\/\/www.useorganico.com.br\/conheca-mais-sobre-a-historia-da-aromaterapia-e-oleos-essenciais\/#BlogPosting","mainEntityOfPage":"https:\/\/www.useorganico.com.br\/conheca-mais-sobre-a-historia-da-aromaterapia-e-oleos-essenciais\/","headline":"Conhe\u00e7a mais sobre a hist\u00f3ria da aromaterapia e \u00f3leos essenciais","name":"Conhe\u00e7a mais sobre a hist\u00f3ria da aromaterapia e \u00f3leos essenciais","description":"Conhe\u00e7a mais sobre a hist\u00f3ria da aromaterapia e \u00f3leos essenciais. Ela remonta \u00e0s antigas civiliza\u00e7\u00f5es eg\u00edpcias, gregas, romanas e chinesas, ...","datePublished":"2024-01-10","dateModified":"2024-01-22","author":{"@type":"Person","@id":"https:\/\/www.useorganico.com.br\/author\/useorganicomaster\/#Person","name":"use organico use organico","url":"https:\/\/www.useorganico.com.br\/author\/useorganicomaster\/","identifier":25,"image":{"@type":"ImageObject","@id":"https:\/\/secure.gravatar.com\/avatar\/37fddd63137763d4bcdf30f9cbab2ce7636abb3178b9e0691cd67b65dd7a5e1b?s=96&d=mm&r=g","url":"https:\/\/secure.gravatar.com\/avatar\/37fddd63137763d4bcdf30f9cbab2ce7636abb3178b9e0691cd67b65dd7a5e1b?s=96&d=mm&r=g","height":96,"width":96}},"publisher":{"@type":"Organization","name":"Blog Use Org\u00e2nico","logo":{"@type":"ImageObject","@id":"https:\/\/blog.useorganico.com.br\/wp-content\/uploads\/2017\/08\/logotipo-2.png","url":"https:\/\/blog.useorganico.com.br\/wp-content\/uploads\/2017\/08\/logotipo-2.png","width":600,"height":60}},"image":{"@type":"ImageObject","@id":"https:\/\/blog.useorganico.com.br\/wp-content\/uploads\/2024\/01\/image-10.jpg","url":"https:\/\/blog.useorganico.com.br\/wp-content\/uploads\/2024\/01\/image-10.jpg","height":"435","width":"655"},"url":"https:\/\/www.useorganico.com.br\/conheca-mais-sobre-a-historia-da-aromaterapia-e-oleos-essenciais\/","video":{"@context":"http:\/\/schema.org\/","@type":"VideoObject","@id":"https:\/\/www.youtube.com\/watch?v=ypi4vRaFX6s#VideoObject","contentUrl":"https:\/\/www.youtube.com\/watch?v=ypi4vRaFX6s","name":"Traduzindo termos t\u00e9cnicos da aromaterapia | Use Org\u00e2nico","description":"Voc\u00ea tem visto v\u00e1rias informa\u00e7\u00f5es sobre o uso dos \u00f3leos essenciais e fica meio perdido?\nN\u00e3o sabe exatamente o que eles s\u00e3o e como funcionam?\nFica com medo de ser mais um modismo ou de ter contra-indica\u00e7\u00f5es e por isso acaba n\u00e3o usando?\nEnt\u00e3o, esse v\u00eddeo \u00e9 para voc\u00ea! Nele, a aromaterapeuta parceira da Use Org\u00e2nico, Ane Rocha ( @notasdeumabusca ),  vai compartilhar informa\u00e7\u00f5es importantes que ir\u00e3o te deixar mais confiante para come\u00e7ar a desvendar o universo da aromaterapia.\n\nEste \u00e9 o segundo v\u00eddeo da s\u00e9rie \"Aromaterapia para iniciantes\".\n\n.......................................\u00ad.....................................\u00ad............................... \n\ud83d\udc49\ud83c\udffb Para continuar a conversa \ud83c\udf3c\n\nLoja on-line: https:\/\/www.useorganico.com.br\u200b\nInstagram: https:\/\/www.instagram.com\/useorganico\/\u200b\nFacebook: https:\/\/www.facebook.com\/useorganico\u200b\nPinterest: https:\/\/br.pinterest.com\/useorganico\/\u200b\nTwitter: https:\/\/twitter.com\/useorganico\u200b\nYouTube: https:\/\/www.youtube.com\/useorganico\u200b\nTikTok: https:\/\/www.tiktok.com\/@useorganico\u200b\nAne Rocha: http:\/\/instagram.com\/notasdeumabusca\u200b","thumbnailUrl":["https:\/\/i.ytimg.com\/vi\/ypi4vRaFX6s\/default.jpg","https:\/\/i.ytimg.com\/vi\/ypi4vRaFX6s\/mqdefault.jpg","https:\/\/i.ytimg.com\/vi\/ypi4vRaFX6s\/hqdefault.jpg","https:\/\/i.ytimg.com\/vi\/ypi4vRaFX6s\/sddefault.jpg","https:\/\/i.ytimg.com\/vi\/ypi4vRaFX6s\/maxresdefault.jpg"],"uploadDate":"2021-04-22T16:17:48+00:00","duration":"PT3M10S","embedUrl":"https:\/\/www.youtube.com\/embed\/ypi4vRaFX6s","publisher":{"@type":"Organization","@id":"https:\/\/www.youtube.com\/channel\/UCybwQHFYyBKWKbiiJFFsSrg#Organization","url":"https:\/\/www.youtube.com\/channel\/UCybwQHFYyBKWKbiiJFFsSrg","name":"Use Org\u00e2nico","description":"Use Org\u00e2nico, uma empresa de produtos de beleza, higiene e bem-estar que visa trazer a real sa\u00fade que voc\u00ea tanto busca. E por que somos uma empresa diferenciada? Trabalhamos com as melhores marcas de cosm\u00e9ticos naturais e cosm\u00e9ticos org\u00e2nicos, al\u00e9m de produtos veganos, linha natural pet, aromaterapia, maquiagem, casa e ambiente e muito mais.","logo":{"url":"https:\/\/yt3.ggpht.com\/dKnF6_4A3EF4jREuHgTqGC0edJ_Saz_6B6_Zabp1A4JgD_XiQmV--aDeejQ7-Ho5gf8f-QFDwA=s800-c-k-c0x00ffffff-no-rj","width":800,"height":800,"@type":"ImageObject","@id":"https:\/\/www.youtube.com\/watch?v=ypi4vRaFX6s#VideoObject_publisher_logo_ImageObject"}},"potentialAction":{"@type":"SeekToAction","@id":"https:\/\/www.youtube.com\/watch?v=ypi4vRaFX6s#VideoObject_potentialAction","target":"https:\/\/www.youtube.com\/watch?v=ypi4vRaFX6s&t={seek_to_second_number}","startOffset-input":"required name=seek_to_second_number"},"interactionStatistic":[[{"@type":"InteractionCounter","@id":"https:\/\/www.youtube.com\/watch?v=ypi4vRaFX6s#VideoObject_interactionStatistic_WatchAction","interactionType":{"@type":"WatchAction"},"userInteractionCount":92}],{"@type":"InteractionCounter","@id":"https:\/\/www.youtube.com\/watch?v=ypi4vRaFX6s#VideoObject_interactionStatistic_LikeAction","interactionType":{"@type":"LikeAction"},"userInteractionCount":15}]},"about":["Aromaterapia"],"wordCount":716},{"@context":"https:\/\/schema.org\/","@type":"BreadcrumbList","itemListElement":[{"@type":"ListItem","position":1,"name":"Conhe\u00e7a mais sobre a hist\u00f3ria da aromaterapia e \u00f3leos essenciais","item":"https:\/\/www.useorganico.com.br\/conheca-mais-sobre-a-historia-da-aromaterapia-e-oleos-essenciais\/#breadcrumbitem"}]}]