[{"@context":"https:\/\/schema.org\/","@type":"BlogPosting","@id":"https:\/\/www.useorganico.com.br\/horta-domestica-5-motivos-para-ter-uma-em-sua-casa\/#BlogPosting","mainEntityOfPage":"https:\/\/www.useorganico.com.br\/horta-domestica-5-motivos-para-ter-uma-em-sua-casa\/","headline":"Horta dom\u00e9stica: 5 motivos para ter uma em sua casa!","name":"Horta dom\u00e9stica: 5 motivos para ter uma em sua casa!","description":"Desfrutar de uma dieta equilibrada e saud\u00e1vel \u00e9 um dilema dif\u00edcil de resolver. Por um lado voc\u00ea tem uma rotina ...","datePublished":"2018-05-17","dateModified":"2018-05-17","author":{"@type":"Person","@id":"https:\/\/www.useorganico.com.br\/author\/useorganicomaster\/#Person","name":"use organico use organico","url":"https:\/\/www.useorganico.com.br\/author\/useorganicomaster\/","identifier":25,"image":{"@type":"ImageObject","@id":"https:\/\/secure.gravatar.com\/avatar\/37fddd63137763d4bcdf30f9cbab2ce7636abb3178b9e0691cd67b65dd7a5e1b?s=96&d=mm&r=g","url":"https:\/\/secure.gravatar.com\/avatar\/37fddd63137763d4bcdf30f9cbab2ce7636abb3178b9e0691cd67b65dd7a5e1b?s=96&d=mm&r=g","height":96,"width":96}},"publisher":{"@type":"Organization","name":"Blog Use Org\u00e2nico","logo":{"@type":"ImageObject","@id":"https:\/\/blog.useorganico.com.br\/wp-content\/uploads\/2017\/08\/logotipo-2.png","url":"https:\/\/blog.useorganico.com.br\/wp-content\/uploads\/2017\/08\/logotipo-2.png","width":600,"height":60}},"image":{"@type":"ImageObject","@id":"https:\/\/www.useorganico.com.br\/wp-content\/uploads\/2018\/05\/horta-domccca7stica.jpg","url":"https:\/\/www.useorganico.com.br\/wp-content\/uploads\/2018\/05\/horta-domccca7stica.jpg","height":3744,"width":5616},"url":"https:\/\/www.useorganico.com.br\/horta-domestica-5-motivos-para-ter-uma-em-sua-casa\/","about":["Sa\u00fade"],"wordCount":1106,"keywords":["#useorganico","Blog Use Org\u00e2nico","horta dom\u00e9stica","horta em casa","mini horta","Use Org\u00e2nico"]},{"@context":"https:\/\/schema.org\/","@type":"BreadcrumbList","itemListElement":[{"@type":"ListItem","position":1,"name":"Horta dom\u00e9stica: 5 motivos para ter uma em sua casa!","item":"https:\/\/www.useorganico.com.br\/horta-domestica-5-motivos-para-ter-uma-em-sua-casa\/#breadcrumbitem"}]}]