[{"@context":"https:\/\/schema.org\/","@type":"BlogPosting","@id":"https:\/\/www.useorganico.com.br\/lancamentos-ahoaloe-o-poder-da-aloe-vera-e-ingredientes-da-amazonia-nos-cosmeticos-naturais-da-marca\/#BlogPosting","mainEntityOfPage":"https:\/\/www.useorganico.com.br\/lancamentos-ahoaloe-o-poder-da-aloe-vera-e-ingredientes-da-amazonia-nos-cosmeticos-naturais-da-marca\/","headline":"Lan\u00e7amentos AhoAloe: o poder da Aloe Vera e Ingredientes da Amaz\u00f4nia nos Cosm\u00e9ticos Naturais da marca","name":"Lan\u00e7amentos AhoAloe: o poder da Aloe Vera e Ingredientes da Amaz\u00f4nia nos Cosm\u00e9ticos Naturais da marca","description":"O nome AhoAloe \u00e9 a fus\u00e3o de duas palavras: Aho que \u00e9 uma sauda\u00e7\u00e3o ind\u00edgena que significa \u201cque assim seja\u201d, ...","datePublished":"2019-08-19","dateModified":"2019-09-12","author":{"@type":"Person","@id":"https:\/\/www.useorganico.com.br\/author\/useorganicomaster\/#Person","name":"use organico use organico","url":"https:\/\/www.useorganico.com.br\/author\/useorganicomaster\/","identifier":25,"image":{"@type":"ImageObject","@id":"https:\/\/secure.gravatar.com\/avatar\/37fddd63137763d4bcdf30f9cbab2ce7636abb3178b9e0691cd67b65dd7a5e1b?s=96&d=mm&r=g","url":"https:\/\/secure.gravatar.com\/avatar\/37fddd63137763d4bcdf30f9cbab2ce7636abb3178b9e0691cd67b65dd7a5e1b?s=96&d=mm&r=g","height":96,"width":96}},"publisher":{"@type":"Organization","name":"Blog Use Org\u00e2nico","logo":{"@type":"ImageObject","@id":"https:\/\/blog.useorganico.com.br\/wp-content\/uploads\/2017\/08\/logotipo-2.png","url":"https:\/\/blog.useorganico.com.br\/wp-content\/uploads\/2017\/08\/logotipo-2.png","width":600,"height":60}},"image":{"@type":"ImageObject","@id":"https:\/\/www.useorganico.com.br\/wp-content\/uploads\/2019\/08\/lancamentos-ahoaloe-o-poder-da-aloe-vera-e-ingredientes-da-amazonia-nos-cosmeticos-naturais-da-marca.png","url":"https:\/\/www.useorganico.com.br\/wp-content\/uploads\/2019\/08\/lancamentos-ahoaloe-o-poder-da-aloe-vera-e-ingredientes-da-amazonia-nos-cosmeticos-naturais-da-marca.png","height":576,"width":1024},"url":"https:\/\/www.useorganico.com.br\/lancamentos-ahoaloe-o-poder-da-aloe-vera-e-ingredientes-da-amazonia-nos-cosmeticos-naturais-da-marca\/","video":{"@context":"http:\/\/schema.org\/","@type":"VideoObject","@id":"https:\/\/www.youtube.com\/watch?v=x_3uhW3j8Z0#VideoObject","contentUrl":"https:\/\/www.youtube.com\/watch?v=x_3uhW3j8Z0","name":"Use Org\u00e2nico e AhoAloe na Feira Naturaltech Bio Fair 2019","description":"Na Feira Naturaltech Bio Brazil Fair 2019, a AhoAloe nos contou um pouco sobre as suas novidades. \n\nA AhoAloe \u00e9 uma marca de cosm\u00e9ticos naturais que surgiu da vontade de participar do processo de  resgate e difus\u00e3o dos benef\u00edcios da Babosa, um conhecimento precioso que foi esquecido com o desenvolvimento dos produtos qu\u00edmicos industrializados.\nO resgate da rela\u00e7\u00e3o com a Babosa teve inicio h\u00e1 20 anos quando um dos fundadores da marca foi para a \u00cdndia em busca dos conhecimentos ancestrais da medicina oriental, conhecida como Ayurveda, e l\u00e1 p\u00f4de estudar e comprovar as propriedades medicinais e terap\u00eauticas da Aloe. \n\nEncontre a maior variedade de produtos naturais e org\u00e2nicos da AhoaAloe\nna loja online Use Org\u00e2nico:\nwww.useorganico.com.br","thumbnailUrl":["https:\/\/i.ytimg.com\/vi\/x_3uhW3j8Z0\/default.jpg","https:\/\/i.ytimg.com\/vi\/x_3uhW3j8Z0\/mqdefault.jpg","https:\/\/i.ytimg.com\/vi\/x_3uhW3j8Z0\/hqdefault.jpg","https:\/\/i.ytimg.com\/vi\/x_3uhW3j8Z0\/sddefault.jpg","https:\/\/i.ytimg.com\/vi\/x_3uhW3j8Z0\/maxresdefault.jpg"],"uploadDate":"2019-06-27T21:35:56+00:00","duration":"PT2M22S","embedUrl":"https:\/\/www.youtube.com\/embed\/x_3uhW3j8Z0","publisher":{"@type":"Organization","@id":"https:\/\/www.youtube.com\/channel\/UCybwQHFYyBKWKbiiJFFsSrg#Organization","url":"https:\/\/www.youtube.com\/channel\/UCybwQHFYyBKWKbiiJFFsSrg","name":"Use Org\u00e2nico","description":"Use Org\u00e2nico, uma empresa de produtos de beleza, higiene e bem-estar que visa trazer a real sa\u00fade que voc\u00ea tanto busca. E por que somos uma empresa diferenciada? Trabalhamos com as melhores marcas de cosm\u00e9ticos naturais e cosm\u00e9ticos org\u00e2nicos, al\u00e9m de produtos veganos, linha natural pet, aromaterapia, maquiagem, casa e ambiente e muito mais.","logo":{"url":"https:\/\/yt3.ggpht.com\/dKnF6_4A3EF4jREuHgTqGC0edJ_Saz_6B6_Zabp1A4JgD_XiQmV--aDeejQ7-Ho5gf8f-QFDwA=s800-c-k-c0x00ffffff-no-rj","width":800,"height":800,"@type":"ImageObject","@id":"https:\/\/www.youtube.com\/watch?v=x_3uhW3j8Z0#VideoObject_publisher_logo_ImageObject"}},"potentialAction":{"@type":"SeekToAction","@id":"https:\/\/www.youtube.com\/watch?v=x_3uhW3j8Z0#VideoObject_potentialAction","target":"https:\/\/www.youtube.com\/watch?v=x_3uhW3j8Z0&t={seek_to_second_number}","startOffset-input":"required name=seek_to_second_number"},"interactionStatistic":[[{"@type":"InteractionCounter","@id":"https:\/\/www.youtube.com\/watch?v=x_3uhW3j8Z0#VideoObject_interactionStatistic_WatchAction","interactionType":{"@type":"WatchAction"},"userInteractionCount":814}],{"@type":"InteractionCounter","@id":"https:\/\/www.youtube.com\/watch?v=x_3uhW3j8Z0#VideoObject_interactionStatistic_LikeAction","interactionType":{"@type":"LikeAction"},"userInteractionCount":15}]},"about":["Beleza"],"wordCount":884,"keywords":["#useorganico","Agricultura Org\u00e2nica","AhoAloe","Bio Brazil Fair","IBD","org\u00e2nicos certificados IBD","Use Org\u00e2nico"]},{"@context":"https:\/\/schema.org\/","@type":"BreadcrumbList","itemListElement":[{"@type":"ListItem","position":1,"name":"Lan\u00e7amentos AhoAloe: o poder da Aloe Vera e Ingredientes da Amaz\u00f4nia nos Cosm\u00e9ticos Naturais da marca","item":"https:\/\/www.useorganico.com.br\/lancamentos-ahoaloe-o-poder-da-aloe-vera-e-ingredientes-da-amazonia-nos-cosmeticos-naturais-da-marca\/#breadcrumbitem"}]}]