[{"@context":"https:\/\/schema.org\/","@type":"BlogPosting","@id":"https:\/\/www.useorganico.com.br\/o-poder-dos-oleos-essenciais-na-melhora-da-saude\/#BlogPosting","mainEntityOfPage":"https:\/\/www.useorganico.com.br\/o-poder-dos-oleos-essenciais-na-melhora-da-saude\/","headline":"O poder dos \u00f3leos essenciais na melhora da sa\u00fade","name":"O poder dos \u00f3leos essenciais na melhora da sa\u00fade","description":"O poder dos \u00f3leos essenciais est\u00e1 cada dia mais despertando o interesse das pessoas. A utiliza\u00e7\u00e3o de \u00f3leos essenciais h\u00e1 ...","datePublished":"2024-01-09","dateModified":"2024-01-22","author":{"@type":"Person","@id":"https:\/\/www.useorganico.com.br\/author\/useorganicomaster\/#Person","name":"use organico use organico","url":"https:\/\/www.useorganico.com.br\/author\/useorganicomaster\/","identifier":25,"image":{"@type":"ImageObject","@id":"https:\/\/secure.gravatar.com\/avatar\/37fddd63137763d4bcdf30f9cbab2ce7636abb3178b9e0691cd67b65dd7a5e1b?s=96&d=mm&r=g","url":"https:\/\/secure.gravatar.com\/avatar\/37fddd63137763d4bcdf30f9cbab2ce7636abb3178b9e0691cd67b65dd7a5e1b?s=96&d=mm&r=g","height":96,"width":96}},"publisher":{"@type":"Organization","name":"Blog Use Org\u00e2nico","logo":{"@type":"ImageObject","@id":"https:\/\/blog.useorganico.com.br\/wp-content\/uploads\/2017\/08\/logotipo-2.png","url":"https:\/\/blog.useorganico.com.br\/wp-content\/uploads\/2017\/08\/logotipo-2.png","width":600,"height":60}},"image":{"@type":"ImageObject","@id":"https:\/\/blog.useorganico.com.br\/wp-content\/uploads\/2024\/01\/image-9.png","url":"https:\/\/blog.useorganico.com.br\/wp-content\/uploads\/2024\/01\/image-9.png","height":"317","width":"182"},"url":"https:\/\/www.useorganico.com.br\/o-poder-dos-oleos-essenciais-na-melhora-da-saude\/","video":{"@context":"http:\/\/schema.org\/","@type":"VideoObject","@id":"https:\/\/www.youtube.com\/watch?v=NN8rCfDPSOA#VideoObject","contentUrl":"https:\/\/www.youtube.com\/watch?v=NN8rCfDPSOA","name":"AROMATERAPIA N\u00c3O \u00c9 UM BICHO DE SETE CABE\u00c7AS | Use Org\u00e2nico","description":"Voc\u00ea tem visto v\u00e1rias informa\u00e7\u00f5es sobre o uso dos \u00f3leos essenciais e fica meio perdido?\nN\u00e3o sabe exatamente o que eles s\u00e3o e como funcionam?\nFica com medo de ser mais um modismo ou de ter contra-indica\u00e7\u00f5es e por isso acaba n\u00e3o usando?\nEnt\u00e3o, esse v\u00eddeo \u00e9 para voc\u00ea! Nele, a aromaterapeuta parceira da Use Org\u00e2nico, Ane Rocha ( @notasdeumabusca ),  vai compartilhar informa\u00e7\u00f5es importantes que ir\u00e3o te deixar mais confiante para come\u00e7ar a desvendar o universo da aromaterapia.\n\nEste \u00e9 o primeiro v\u00eddeo da s\u00e9rie \"Aromaterapia para iniciantes\".\n\n.......................................\u00ad.....................................\u00ad............................... \n\ud83d\udc49\ud83c\udffb Para continuar a conversa \ud83c\udf3c\n\nLoja on-line: https:\/\/www.useorganico.com.br\nInstagram: https:\/\/www.instagram.com\/useorganico\/\nFacebook: https:\/\/www.facebook.com\/useorganico\nPinterest: https:\/\/br.pinterest.com\/useorganico\/\nTwitter: https:\/\/twitter.com\/useorganico\nYouTube: https:\/\/www.youtube.com\/useorganico\nTikTok: https:\/\/www.tiktok.com\/@useorganico\nAne Rocha: http:\/\/instagram.com\/notasdeumabusca","thumbnailUrl":["https:\/\/i.ytimg.com\/vi\/NN8rCfDPSOA\/default.jpg","https:\/\/i.ytimg.com\/vi\/NN8rCfDPSOA\/mqdefault.jpg","https:\/\/i.ytimg.com\/vi\/NN8rCfDPSOA\/hqdefault.jpg","https:\/\/i.ytimg.com\/vi\/NN8rCfDPSOA\/sddefault.jpg","https:\/\/i.ytimg.com\/vi\/NN8rCfDPSOA\/maxresdefault.jpg"],"uploadDate":"2021-04-04T18:27:39+00:00","duration":"PT2M36S","embedUrl":"https:\/\/www.youtube.com\/embed\/NN8rCfDPSOA","publisher":{"@type":"Organization","@id":"https:\/\/www.youtube.com\/channel\/UCybwQHFYyBKWKbiiJFFsSrg#Organization","url":"https:\/\/www.youtube.com\/channel\/UCybwQHFYyBKWKbiiJFFsSrg","name":"Use Org\u00e2nico","description":"Use Org\u00e2nico, uma empresa de produtos de beleza, higiene e bem-estar que visa trazer a real sa\u00fade que voc\u00ea tanto busca. E por que somos uma empresa diferenciada? Trabalhamos com as melhores marcas de cosm\u00e9ticos naturais e cosm\u00e9ticos org\u00e2nicos, al\u00e9m de produtos veganos, linha natural pet, aromaterapia, maquiagem, casa e ambiente e muito mais.","logo":{"url":"https:\/\/yt3.ggpht.com\/dKnF6_4A3EF4jREuHgTqGC0edJ_Saz_6B6_Zabp1A4JgD_XiQmV--aDeejQ7-Ho5gf8f-QFDwA=s800-c-k-c0x00ffffff-no-rj","width":800,"height":800,"@type":"ImageObject","@id":"https:\/\/www.youtube.com\/watch?v=NN8rCfDPSOA#VideoObject_publisher_logo_ImageObject"}},"potentialAction":{"@type":"SeekToAction","@id":"https:\/\/www.youtube.com\/watch?v=NN8rCfDPSOA#VideoObject_potentialAction","target":"https:\/\/www.youtube.com\/watch?v=NN8rCfDPSOA&t={seek_to_second_number}","startOffset-input":"required name=seek_to_second_number"},"interactionStatistic":[[{"@type":"InteractionCounter","@id":"https:\/\/www.youtube.com\/watch?v=NN8rCfDPSOA#VideoObject_interactionStatistic_WatchAction","interactionType":{"@type":"WatchAction"},"userInteractionCount":40672}],{"@type":"InteractionCounter","@id":"https:\/\/www.youtube.com\/watch?v=NN8rCfDPSOA#VideoObject_interactionStatistic_LikeAction","interactionType":{"@type":"LikeAction"},"userInteractionCount":34}]},"about":["Aromaterapia"],"wordCount":785},{"@context":"https:\/\/schema.org\/","@type":"BreadcrumbList","itemListElement":[{"@type":"ListItem","position":1,"name":"O poder dos \u00f3leos essenciais na melhora da sa\u00fade","item":"https:\/\/www.useorganico.com.br\/o-poder-dos-oleos-essenciais-na-melhora-da-saude\/#breadcrumbitem"}]}]