[{"@context":"https:\/\/schema.org\/","@type":"BlogPosting","@id":"https:\/\/www.useorganico.com.br\/o-que-e-edelweiss-e-para-que-serve\/#BlogPosting","mainEntityOfPage":"https:\/\/www.useorganico.com.br\/o-que-e-edelweiss-e-para-que-serve\/","headline":"O que \u00e9 edelweiss e para que serve","name":"O que \u00e9 edelweiss e para que serve","description":"Vamos descobrir hoje o que \u00e9 edelweiss e para que serve, al\u00e9m dos benef\u00edcios para a nossa sa\u00fade e beleza. ...","datePublished":"2024-03-14","dateModified":"2024-03-14","author":{"@type":"Person","@id":"https:\/\/www.useorganico.com.br\/author\/useorganicomaster\/#Person","name":"use organico use organico","url":"https:\/\/www.useorganico.com.br\/author\/useorganicomaster\/","identifier":25,"image":{"@type":"ImageObject","@id":"https:\/\/secure.gravatar.com\/avatar\/37fddd63137763d4bcdf30f9cbab2ce7636abb3178b9e0691cd67b65dd7a5e1b?s=96&d=mm&r=g","url":"https:\/\/secure.gravatar.com\/avatar\/37fddd63137763d4bcdf30f9cbab2ce7636abb3178b9e0691cd67b65dd7a5e1b?s=96&d=mm&r=g","height":96,"width":96}},"publisher":{"@type":"Organization","name":"Blog Use Org\u00e2nico","logo":{"@type":"ImageObject","@id":"https:\/\/blog.useorganico.com.br\/wp-content\/uploads\/2017\/08\/logotipo-2.png","url":"https:\/\/blog.useorganico.com.br\/wp-content\/uploads\/2017\/08\/logotipo-2.png","width":600,"height":60}},"image":{"@type":"ImageObject","@id":"https:\/\/blog.useorganico.com.br\/wp-content\/uploads\/2024\/03\/image-6.png","url":"https:\/\/blog.useorganico.com.br\/wp-content\/uploads\/2024\/03\/image-6.png","height":"188","width":"292"},"url":"https:\/\/www.useorganico.com.br\/o-que-e-edelweiss-e-para-que-serve\/","about":["Beleza"],"wordCount":399},{"@context":"https:\/\/schema.org\/","@type":"BreadcrumbList","itemListElement":[{"@type":"ListItem","position":1,"name":"O que \u00e9 edelweiss e para que serve","item":"https:\/\/www.useorganico.com.br\/o-que-e-edelweiss-e-para-que-serve\/#breadcrumbitem"}]}]