[{"@context":"https:\/\/schema.org\/","@type":"BlogPosting","@id":"https:\/\/www.useorganico.com.br\/o-que-e-proteina-de-origem-vegetal\/#BlogPosting","mainEntityOfPage":"https:\/\/www.useorganico.com.br\/o-que-e-proteina-de-origem-vegetal\/","headline":"O que \u00e9 prote\u00edna de origem vegetal","name":"O que \u00e9 prote\u00edna de origem vegetal","description":"Voc\u00ea vai aprender aqui o que \u00e9 prote\u00edna de origem vegetal: O que \u00e9 uma leguminosa? Quanto de prote\u00edna tem ...","datePublished":"2024-02-16","dateModified":"2024-02-16","author":{"@type":"Person","@id":"https:\/\/www.useorganico.com.br\/author\/useorganicomaster\/#Person","name":"use organico use organico","url":"https:\/\/www.useorganico.com.br\/author\/useorganicomaster\/","identifier":25,"image":{"@type":"ImageObject","@id":"https:\/\/secure.gravatar.com\/avatar\/37fddd63137763d4bcdf30f9cbab2ce7636abb3178b9e0691cd67b65dd7a5e1b?s=96&d=mm&r=g","url":"https:\/\/secure.gravatar.com\/avatar\/37fddd63137763d4bcdf30f9cbab2ce7636abb3178b9e0691cd67b65dd7a5e1b?s=96&d=mm&r=g","height":96,"width":96}},"publisher":{"@type":"Organization","name":"Blog Use Org\u00e2nico","logo":{"@type":"ImageObject","@id":"https:\/\/blog.useorganico.com.br\/wp-content\/uploads\/2017\/08\/logotipo-2.png","url":"https:\/\/blog.useorganico.com.br\/wp-content\/uploads\/2017\/08\/logotipo-2.png","width":600,"height":60}},"image":{"@type":"ImageObject","@id":"https:\/\/blog.useorganico.com.br\/wp-content\/uploads\/2022\/04\/copia-de-sem-nome-1-1024x1024.jpg","url":"https:\/\/blog.useorganico.com.br\/wp-content\/uploads\/2022\/04\/copia-de-sem-nome-1-1024x1024.jpg","height":"1024","width":"1024"},"url":"https:\/\/www.useorganico.com.br\/o-que-e-proteina-de-origem-vegetal\/","about":["Bem Estar","Sa\u00fade"],"wordCount":494},{"@context":"https:\/\/schema.org\/","@type":"BreadcrumbList","itemListElement":[{"@type":"ListItem","position":1,"name":"O que \u00e9 prote\u00edna de origem vegetal","item":"https:\/\/www.useorganico.com.br\/o-que-e-proteina-de-origem-vegetal\/#breadcrumbitem"}]}]