[{"@context":"https:\/\/schema.org\/","@type":"BlogPosting","@id":"https:\/\/www.useorganico.com.br\/para-que-serve-o-oleo-essencial-de-camomila-e-como-usar\/#BlogPosting","mainEntityOfPage":"https:\/\/www.useorganico.com.br\/para-que-serve-o-oleo-essencial-de-camomila-e-como-usar\/","headline":"Para que serve o \u00d3leo essencial de Camomila e como usar","name":"Para que serve o \u00d3leo essencial de Camomila e como usar","description":"Para que serve o \u00f3leo essencial de Camomila e como usar \u00e9 o que abordaremos a seguir. A camomila \u00e9 ...","datePublished":"2024-01-08","dateModified":"2024-01-22","author":{"@type":"Person","@id":"https:\/\/www.useorganico.com.br\/author\/useorganicomaster\/#Person","name":"use organico use organico","url":"https:\/\/www.useorganico.com.br\/author\/useorganicomaster\/","identifier":25,"image":{"@type":"ImageObject","@id":"https:\/\/secure.gravatar.com\/avatar\/37fddd63137763d4bcdf30f9cbab2ce7636abb3178b9e0691cd67b65dd7a5e1b?s=96&d=mm&r=g","url":"https:\/\/secure.gravatar.com\/avatar\/37fddd63137763d4bcdf30f9cbab2ce7636abb3178b9e0691cd67b65dd7a5e1b?s=96&d=mm&r=g","height":96,"width":96}},"publisher":{"@type":"Organization","name":"Blog Use Org\u00e2nico","logo":{"@type":"ImageObject","@id":"https:\/\/blog.useorganico.com.br\/wp-content\/uploads\/2017\/08\/logotipo-2.png","url":"https:\/\/blog.useorganico.com.br\/wp-content\/uploads\/2017\/08\/logotipo-2.png","width":600,"height":60}},"image":{"@type":"ImageObject","@id":"https:\/\/blog.useorganico.com.br\/wp-content\/uploads\/2024\/01\/image-5.jpg","url":"https:\/\/blog.useorganico.com.br\/wp-content\/uploads\/2024\/01\/image-5.jpg","height":"417","width":"677"},"url":"https:\/\/www.useorganico.com.br\/para-que-serve-o-oleo-essencial-de-camomila-e-como-usar\/","video":{"@context":"http:\/\/schema.org\/","@type":"VideoObject","@id":"https:\/\/www.youtube.com\/watch?v=0ZnhYcIYQ9o#VideoObject","contentUrl":"https:\/\/www.youtube.com\/watch?v=0ZnhYcIYQ9o","name":"Camomila Azul - BENEF\u00cdCIOS DO \u00d3LEO ESSENCIAL","description":"Os Benef\u00edcios do \u00d3leo Essencial de Camomila Azul e Para que serve o \u00d3leo Essencial de Camomila Azul.\n\nConhe\u00e7a os benef\u00edcios incr\u00edveis para mente e corpo desses produtos naturais e inclua em sua rotina di\u00e1ria.\nGostou e quer conhecer ainda mais? Acesse as redes sociais:\nLoja on-line: https:\/\/www.useorganico.com.br \nInstagram: https:\/\/www.instagram.com\/useorganico\/\nPinterest: https:\/\/br.pinterest.com\/useorganico\/\n\nKarina Veiga:  \nInstagram: @karinaviega\n\nV\u00eddeo gravado no ano de 2019. Todos os direitos autorais reservados.","thumbnailUrl":["https:\/\/i.ytimg.com\/vi\/0ZnhYcIYQ9o\/default.jpg","https:\/\/i.ytimg.com\/vi\/0ZnhYcIYQ9o\/mqdefault.jpg","https:\/\/i.ytimg.com\/vi\/0ZnhYcIYQ9o\/hqdefault.jpg","https:\/\/i.ytimg.com\/vi\/0ZnhYcIYQ9o\/sddefault.jpg","https:\/\/i.ytimg.com\/vi\/0ZnhYcIYQ9o\/maxresdefault.jpg"],"uploadDate":"2024-01-05T19:58:23+00:00","duration":"PT48S","embedUrl":"https:\/\/www.youtube.com\/embed\/0ZnhYcIYQ9o","publisher":{"@type":"Organization","@id":"https:\/\/www.youtube.com\/channel\/UCybwQHFYyBKWKbiiJFFsSrg#Organization","url":"https:\/\/www.youtube.com\/channel\/UCybwQHFYyBKWKbiiJFFsSrg","name":"Use Org\u00e2nico","description":"Use Org\u00e2nico, uma empresa de produtos de beleza, higiene e bem-estar que visa trazer a real sa\u00fade que voc\u00ea tanto busca. E por que somos uma empresa diferenciada? Trabalhamos com as melhores marcas de cosm\u00e9ticos naturais e cosm\u00e9ticos org\u00e2nicos, al\u00e9m de produtos veganos, linha natural pet, aromaterapia, maquiagem, casa e ambiente e muito mais.","logo":{"url":"https:\/\/yt3.ggpht.com\/dKnF6_4A3EF4jREuHgTqGC0edJ_Saz_6B6_Zabp1A4JgD_XiQmV--aDeejQ7-Ho5gf8f-QFDwA=s800-c-k-c0x00ffffff-no-rj","width":800,"height":800,"@type":"ImageObject","@id":"https:\/\/www.youtube.com\/watch?v=0ZnhYcIYQ9o#VideoObject_publisher_logo_ImageObject"}},"potentialAction":{"@type":"SeekToAction","@id":"https:\/\/www.youtube.com\/watch?v=0ZnhYcIYQ9o#VideoObject_potentialAction","target":"https:\/\/www.youtube.com\/watch?v=0ZnhYcIYQ9o&t={seek_to_second_number}","startOffset-input":"required name=seek_to_second_number"},"interactionStatistic":[[{"@type":"InteractionCounter","@id":"https:\/\/www.youtube.com\/watch?v=0ZnhYcIYQ9o#VideoObject_interactionStatistic_WatchAction","interactionType":{"@type":"WatchAction"},"userInteractionCount":163}],{"@type":"InteractionCounter","@id":"https:\/\/www.youtube.com\/watch?v=0ZnhYcIYQ9o#VideoObject_interactionStatistic_LikeAction","interactionType":{"@type":"LikeAction"},"userInteractionCount":8}]},"about":["Aromaterapia"],"wordCount":1035},{"@context":"https:\/\/schema.org\/","@type":"BreadcrumbList","itemListElement":[{"@type":"ListItem","position":1,"name":"Para que serve o \u00d3leo essencial de Camomila e como usar","item":"https:\/\/www.useorganico.com.br\/para-que-serve-o-oleo-essencial-de-camomila-e-como-usar\/#breadcrumbitem"}]}]