{"@context":"https:\/\/schema.org\/","@type":"CollectionPage","@id":"https:\/\/www.useorganico.com.br\/tag\/almanati\/#CollectionPage","headline":"Almanati Tag","description":"","url":"https:\/\/www.useorganico.com.br\/tag\/almanati\/","hasPart":[{"@type":"BlogPosting","@id":"https:\/\/www.useorganico.com.br\/almanati-lanca-linha-de-maquiagem-natural-e-organica-creme-hidratante-e-sprays-aromaterapeuticos\/","headline":"Almanati lan\u00e7a linha de Maquiagem Natural e Org\u00e2nica, Creme Hidratante e Sprays Aromaterap\u00eauticos","url":"https:\/\/www.useorganico.com.br\/almanati-lanca-linha-de-maquiagem-natural-e-organica-creme-hidratante-e-sprays-aromaterapeuticos\/","datePublished":"2019-07-26","dateModified":"2019-09-12","mainEntityOfPage":"https:\/\/www.useorganico.com.br\/almanati-lanca-linha-de-maquiagem-natural-e-organica-creme-hidratante-e-sprays-aromaterapeuticos\/","author":{"@type":"Person","@id":"https:\/\/www.useorganico.com.br\/author\/useorganicomaster\/#Person","name":"use organico use organico","url":"https:\/\/www.useorganico.com.br\/author\/useorganicomaster\/","identifier":25,"image":{"@type":"ImageObject","@id":"https:\/\/secure.gravatar.com\/avatar\/37fddd63137763d4bcdf30f9cbab2ce7636abb3178b9e0691cd67b65dd7a5e1b?s=96&d=mm&r=g","url":"https:\/\/secure.gravatar.com\/avatar\/37fddd63137763d4bcdf30f9cbab2ce7636abb3178b9e0691cd67b65dd7a5e1b?s=96&d=mm&r=g","height":96,"width":96}},"publisher":{"@type":"Organization","name":"Blog Use Org\u00e2nico","logo":{"@type":"ImageObject","@id":"https:\/\/blog.useorganico.com.br\/wp-content\/uploads\/2017\/08\/logotipo-2.png","url":"https:\/\/blog.useorganico.com.br\/wp-content\/uploads\/2017\/08\/logotipo-2.png","width":600,"height":60}},"image":{"@type":"ImageObject","@id":"https:\/\/www.useorganico.com.br\/wp-content\/uploads\/2019\/07\/almanati-lanca-linha-de-maquiagem-natural-e-organica-creme-hidratante-e-sprays-aromaterapeuticos1.jpg","url":"https:\/\/www.useorganico.com.br\/wp-content\/uploads\/2019\/07\/almanati-lanca-linha-de-maquiagem-natural-e-organica-creme-hidratante-e-sprays-aromaterapeuticos1.jpg","height":576,"width":1024},"keywords":["Almanati","cosm\u00e9ticos naturais","Cosm\u00e9ticos org\u00e2nicos","Cosm\u00e9ticos Veganos","Use Org\u00e2nico"]}]}