{"@context":"https:\/\/schema.org\/","@type":"CollectionPage","@id":"https:\/\/www.useorganico.com.br\/tag\/immortelle\/#CollectionPage","headline":"Immortelle Tag","description":"","url":"https:\/\/www.useorganico.com.br\/tag\/immortelle\/","hasPart":[{"@type":"BlogPosting","@id":"https:\/\/www.useorganico.com.br\/arte-dos-aromas-lancamentos-naturais-em-produtos-para-os-cuidados-com-a-pele-e-maquiagens-veganas\/","headline":"Arte dos Aromas: Lan\u00e7amentos Naturais em produtos para os Cuidados com a Pele e Maquiagens Veganas","url":"https:\/\/www.useorganico.com.br\/arte-dos-aromas-lancamentos-naturais-em-produtos-para-os-cuidados-com-a-pele-e-maquiagens-veganas\/","datePublished":"2019-08-12","dateModified":"2019-09-12","mainEntityOfPage":"https:\/\/www.useorganico.com.br\/arte-dos-aromas-lancamentos-naturais-em-produtos-para-os-cuidados-com-a-pele-e-maquiagens-veganas\/","author":{"@type":"Person","@id":"https:\/\/www.useorganico.com.br\/author\/useorganicomaster\/#Person","name":"use organico use organico","url":"https:\/\/www.useorganico.com.br\/author\/useorganicomaster\/","identifier":25,"image":{"@type":"ImageObject","@id":"https:\/\/secure.gravatar.com\/avatar\/37fddd63137763d4bcdf30f9cbab2ce7636abb3178b9e0691cd67b65dd7a5e1b?s=96&d=mm&r=g","url":"https:\/\/secure.gravatar.com\/avatar\/37fddd63137763d4bcdf30f9cbab2ce7636abb3178b9e0691cd67b65dd7a5e1b?s=96&d=mm&r=g","height":96,"width":96}},"publisher":{"@type":"Organization","name":"Blog Use Org\u00e2nico","logo":{"@type":"ImageObject","@id":"https:\/\/blog.useorganico.com.br\/wp-content\/uploads\/2017\/08\/logotipo-2.png","url":"https:\/\/blog.useorganico.com.br\/wp-content\/uploads\/2017\/08\/logotipo-2.png","width":600,"height":60}},"image":{"@type":"ImageObject","@id":"https:\/\/www.useorganico.com.br\/wp-content\/uploads\/2019\/08\/arte-dos-aromas-lancamentos-naturais-em-produtos-para-os-cuidados-com-a-pele-e-maquiagens-veganas-1-1.jpg","url":"https:\/\/www.useorganico.com.br\/wp-content\/uploads\/2019\/08\/arte-dos-aromas-lancamentos-naturais-em-produtos-para-os-cuidados-com-a-pele-e-maquiagens-veganas-1-1.jpg","height":576,"width":1024},"keywords":["#useorganico","Arte dos Aromas","cosm\u00e9ticos naturais","Cosm\u00e9ticos org\u00e2nicos","Cosm\u00e9ticos Veganos","Immortelle","Lan\u00e7amentos Naturais","Use Org\u00e2nico"]}]}