{"@context":"https:\/\/schema.org\/","@type":"CollectionPage","@id":"https:\/\/www.useorganico.com.br\/tag\/lavanda\/#CollectionPage","headline":"Lavanda Tag","description":"","url":"https:\/\/www.useorganico.com.br\/tag\/lavanda\/","hasPart":[{"@type":"BlogPosting","@id":"https:\/\/www.useorganico.com.br\/tudo-que-voce-precisa-saber-sobre-a-lavanda-e-a-laranja-doce\/","headline":"O que voc\u00ea precisa saber sobre a lavanda e a laranja","url":"https:\/\/www.useorganico.com.br\/tudo-que-voce-precisa-saber-sobre-a-lavanda-e-a-laranja-doce\/","datePublished":"2022-02-08","dateModified":"2022-02-08","mainEntityOfPage":"https:\/\/www.useorganico.com.br\/tudo-que-voce-precisa-saber-sobre-a-lavanda-e-a-laranja-doce\/","author":{"@type":"Person","@id":"https:\/\/www.useorganico.com.br\/author\/useorganicomaster\/#Person","name":"use organico use organico","url":"https:\/\/www.useorganico.com.br\/author\/useorganicomaster\/","identifier":25,"image":{"@type":"ImageObject","@id":"https:\/\/secure.gravatar.com\/avatar\/37fddd63137763d4bcdf30f9cbab2ce7636abb3178b9e0691cd67b65dd7a5e1b?s=96&d=mm&r=g","url":"https:\/\/secure.gravatar.com\/avatar\/37fddd63137763d4bcdf30f9cbab2ce7636abb3178b9e0691cd67b65dd7a5e1b?s=96&d=mm&r=g","height":96,"width":96}},"publisher":{"@type":"Organization","name":"Blog Use Org\u00e2nico","logo":{"@type":"ImageObject","@id":"https:\/\/blog.useorganico.com.br\/wp-content\/uploads\/2017\/08\/logotipo-2.png","url":"https:\/\/blog.useorganico.com.br\/wp-content\/uploads\/2017\/08\/logotipo-2.png","width":600,"height":60}},"image":{"@type":"ImageObject","@id":"https:\/\/www.useorganico.com.br\/wp-content\/uploads\/2022\/02\/kelly-sikkema-uao58q6ioxi-unsplash-scaled.jpg","url":"https:\/\/www.useorganico.com.br\/wp-content\/uploads\/2022\/02\/kelly-sikkema-uao58q6ioxi-unsplash-scaled.jpg","height":1696,"width":2560},"keywords":["Aromaterapia","Lavanda","\u00d3leo Essencial","\u00d3leo essencial de Laranja Doce"]},{"@type":"BlogPosting","@id":"https:\/\/www.useorganico.com.br\/receita-caseira-de-spray-natural-antisseptico\/","headline":"Receita Spray Natural Antiss\u00e9ptico","url":"https:\/\/www.useorganico.com.br\/receita-caseira-de-spray-natural-antisseptico\/","datePublished":"2020-03-10","dateModified":"2020-03-11","mainEntityOfPage":"https:\/\/www.useorganico.com.br\/receita-caseira-de-spray-natural-antisseptico\/","author":{"@type":"Person","@id":"https:\/\/www.useorganico.com.br\/author\/useorganicomaster\/#Person","name":"use organico use organico","url":"https:\/\/www.useorganico.com.br\/author\/useorganicomaster\/","identifier":25,"image":{"@type":"ImageObject","@id":"https:\/\/secure.gravatar.com\/avatar\/37fddd63137763d4bcdf30f9cbab2ce7636abb3178b9e0691cd67b65dd7a5e1b?s=96&d=mm&r=g","url":"https:\/\/secure.gravatar.com\/avatar\/37fddd63137763d4bcdf30f9cbab2ce7636abb3178b9e0691cd67b65dd7a5e1b?s=96&d=mm&r=g","height":96,"width":96}},"publisher":{"@type":"Organization","name":"Blog Use Org\u00e2nico","logo":{"@type":"ImageObject","@id":"https:\/\/blog.useorganico.com.br\/wp-content\/uploads\/2017\/08\/logotipo-2.png","url":"https:\/\/blog.useorganico.com.br\/wp-content\/uploads\/2017\/08\/logotipo-2.png","width":600,"height":60}},"image":{"@type":"ImageObject","@id":"https:\/\/www.useorganico.com.br\/wp-content\/uploads\/2020\/03\/Spray-Para-Higieniza\u00e7\u00e3o-das-M\u00e3os","url":"https:\/\/www.useorganico.com.br\/wp-content\/uploads\/2020\/03\/Spray-Para-Higieniza\u00e7\u00e3o-das-M\u00e3os","height":1344,"width":2169},"keywords":["Aromaterapia","cravo","higienizador m\u00e3os","Lavanda","\u00d3leo Essencial","Sa\u00fade","spray m\u00e3os","tea tree"]},{"@type":"BlogPosting","@id":"https:\/\/www.useorganico.com.br\/oleo-essencial-de-lavanda-conheca-seus-inumeros-beneficios-e-aplicacoes\/","headline":"\u00d3leo Essencial de Lavanda: conhe\u00e7a seus in\u00fameros benef\u00edcios e aplica\u00e7\u00f5es","url":"https:\/\/www.useorganico.com.br\/oleo-essencial-de-lavanda-conheca-seus-inumeros-beneficios-e-aplicacoes\/","datePublished":"2018-02-23","dateModified":"2018-03-01","mainEntityOfPage":"https:\/\/www.useorganico.com.br\/oleo-essencial-de-lavanda-conheca-seus-inumeros-beneficios-e-aplicacoes\/","author":{"@type":"Person","@id":"https:\/\/www.useorganico.com.br\/author\/useorganicomaster\/#Person","name":"use organico use organico","url":"https:\/\/www.useorganico.com.br\/author\/useorganicomaster\/","identifier":25,"image":{"@type":"ImageObject","@id":"https:\/\/secure.gravatar.com\/avatar\/37fddd63137763d4bcdf30f9cbab2ce7636abb3178b9e0691cd67b65dd7a5e1b?s=96&d=mm&r=g","url":"https:\/\/secure.gravatar.com\/avatar\/37fddd63137763d4bcdf30f9cbab2ce7636abb3178b9e0691cd67b65dd7a5e1b?s=96&d=mm&r=g","height":96,"width":96}},"publisher":{"@type":"Organization","name":"Blog Use Org\u00e2nico","logo":{"@type":"ImageObject","@id":"https:\/\/blog.useorganico.com.br\/wp-content\/uploads\/2017\/08\/logotipo-2.png","url":"https:\/\/blog.useorganico.com.br\/wp-content\/uploads\/2017\/08\/logotipo-2.png","width":600,"height":60}},"image":{"@type":"ImageObject","@id":"https:\/\/www.useorganico.com.br\/wp-content\/uploads\/2018\/02\/oleo-essencial-de-lavanda.jpg","url":"https:\/\/www.useorganico.com.br\/wp-content\/uploads\/2018\/02\/oleo-essencial-de-lavanda.jpg","height":853,"width":1280},"keywords":["#useorganico","aonde comprar","benef\u00edcios","Lavanda","\u00f3leo de lavanda","\u00d3leo Essencial","\u00d3leo Essencial de Lavanda","para que serve","Use Org\u00e2nico"]}]}