{"@context":"https:\/\/schema.org\/","@type":"CollectionPage","@id":"https:\/\/www.useorganico.com.br\/tag\/organicos-certificados-ibd\/#CollectionPage","headline":"org\u00e2nicos certificados IBD Tag","description":"","url":"https:\/\/www.useorganico.com.br\/tag\/organicos-certificados-ibd\/","hasPart":[{"@type":"BlogPosting","@id":"https:\/\/www.useorganico.com.br\/lancamentos-ahoaloe-o-poder-da-aloe-vera-e-ingredientes-da-amazonia-nos-cosmeticos-naturais-da-marca\/","headline":"Lan\u00e7amentos AhoAloe: o poder da Aloe Vera e Ingredientes da Amaz\u00f4nia nos Cosm\u00e9ticos Naturais da marca","url":"https:\/\/www.useorganico.com.br\/lancamentos-ahoaloe-o-poder-da-aloe-vera-e-ingredientes-da-amazonia-nos-cosmeticos-naturais-da-marca\/","datePublished":"2019-08-19","dateModified":"2019-09-12","mainEntityOfPage":"https:\/\/www.useorganico.com.br\/lancamentos-ahoaloe-o-poder-da-aloe-vera-e-ingredientes-da-amazonia-nos-cosmeticos-naturais-da-marca\/","author":{"@type":"Person","@id":"https:\/\/www.useorganico.com.br\/author\/useorganicomaster\/#Person","name":"use organico use organico","url":"https:\/\/www.useorganico.com.br\/author\/useorganicomaster\/","identifier":25,"image":{"@type":"ImageObject","@id":"https:\/\/secure.gravatar.com\/avatar\/37fddd63137763d4bcdf30f9cbab2ce7636abb3178b9e0691cd67b65dd7a5e1b?s=96&d=mm&r=g","url":"https:\/\/secure.gravatar.com\/avatar\/37fddd63137763d4bcdf30f9cbab2ce7636abb3178b9e0691cd67b65dd7a5e1b?s=96&d=mm&r=g","height":96,"width":96}},"publisher":{"@type":"Organization","name":"Blog Use Org\u00e2nico","logo":{"@type":"ImageObject","@id":"https:\/\/blog.useorganico.com.br\/wp-content\/uploads\/2017\/08\/logotipo-2.png","url":"https:\/\/blog.useorganico.com.br\/wp-content\/uploads\/2017\/08\/logotipo-2.png","width":600,"height":60}},"image":{"@type":"ImageObject","@id":"https:\/\/www.useorganico.com.br\/wp-content\/uploads\/2019\/08\/lancamentos-ahoaloe-o-poder-da-aloe-vera-e-ingredientes-da-amazonia-nos-cosmeticos-naturais-da-marca.png","url":"https:\/\/www.useorganico.com.br\/wp-content\/uploads\/2019\/08\/lancamentos-ahoaloe-o-poder-da-aloe-vera-e-ingredientes-da-amazonia-nos-cosmeticos-naturais-da-marca.png","height":576,"width":1024},"keywords":["#useorganico","Agricultura Org\u00e2nica","AhoAloe","Bio Brazil Fair","IBD","org\u00e2nicos certificados IBD","Use Org\u00e2nico"]}]}