[{"@context":"https:\/\/schema.org\/","@type":"BlogPosting","@id":"https:\/\/www.useorganico.com.br\/wishilist-de-carnaval-o-que-nao-pode-faltar-nos-dias-de-folia\/#BlogPosting","mainEntityOfPage":"https:\/\/www.useorganico.com.br\/wishilist-de-carnaval-o-que-nao-pode-faltar-nos-dias-de-folia\/","headline":"Wishlist de Carnaval: Queridinhos da Use Org\u00e2nico","name":"Wishlist de Carnaval: Queridinhos da Use Org\u00e2nico","description":"Carnaval 2020 est\u00e1 batendo na porta para entrar! J\u00e1 preparou sua fantasia para os bloquinhos? ","datePublished":"2020-02-20","dateModified":"2020-03-11","author":{"@type":"Person","@id":"https:\/\/www.useorganico.com.br\/author\/useorganicomaster\/#Person","name":"use organico use organico","url":"https:\/\/www.useorganico.com.br\/author\/useorganicomaster\/","identifier":25,"image":{"@type":"ImageObject","@id":"https:\/\/secure.gravatar.com\/avatar\/37fddd63137763d4bcdf30f9cbab2ce7636abb3178b9e0691cd67b65dd7a5e1b?s=96&d=mm&r=g","url":"https:\/\/secure.gravatar.com\/avatar\/37fddd63137763d4bcdf30f9cbab2ce7636abb3178b9e0691cd67b65dd7a5e1b?s=96&d=mm&r=g","height":96,"width":96}},"publisher":{"@type":"Organization","name":"Blog Use Org\u00e2nico","logo":{"@type":"ImageObject","@id":"https:\/\/blog.useorganico.com.br\/wp-content\/uploads\/2017\/08\/logotipo-2.png","url":"https:\/\/blog.useorganico.com.br\/wp-content\/uploads\/2017\/08\/logotipo-2.png","width":600,"height":60}},"image":{"@type":"ImageObject","@id":"https:\/\/www.useorganico.com.br\/wp-content\/uploads\/2020\/02\/lgbt_fb.jpg","url":"https:\/\/www.useorganico.com.br\/wp-content\/uploads\/2020\/02\/lgbt_fb.jpg","height":1080,"width":1080},"url":"https:\/\/www.useorganico.com.br\/wishilist-de-carnaval-o-que-nao-pode-faltar-nos-dias-de-folia\/","about":["Beleza","Bem Estar","Inspira\u00e7\u00e3o","Sa\u00fade","Sustentabilidade"],"wordCount":791,"keywords":["carnaval","Carnaval Glitter","carnaval sustent\u00e1vel","Glitter Biodegrad\u00e1vel","Glitter natural","perigos do glitter"]},{"@context":"https:\/\/schema.org\/","@type":"BreadcrumbList","itemListElement":[{"@type":"ListItem","position":1,"name":"Wishlist de Carnaval: Queridinhos da Use Org\u00e2nico","item":"https:\/\/www.useorganico.com.br\/wishilist-de-carnaval-o-que-nao-pode-faltar-nos-dias-de-folia\/#breadcrumbitem"}]}]